[{"@context":"https:\/\/schema.org\/","@type":"Article","@id":"https:\/\/www.isso.cz\/dovolena-s-miminkem-a-batolaty\/#Article","mainEntityOfPage":"https:\/\/www.isso.cz\/dovolena-s-miminkem-a-batolaty\/","headline":"Dovolen\u00e1 s miminkem a batolaty","name":"Dovolen\u00e1 s miminkem a batolaty","description":"Chyst\u00e1te se na dovolenou a spolu s v\u00e1mi i mal\u00e9 miminko ve v\u011bku kojenc\u016f \u010di batolat? Pro\u010d ne, alespo\u0148 zm\u011bn\u00edte prost\u0159ed\u00ed, a zejm\u00e9na, pokud \u017eijete ve m\u011bst\u011b, set\u0159esete ze sebe v\u0161echny stresov\u00e9 podn\u011bty, co jich je ve m\u011bstech p\u0159ehr\u0161el. Je velmi pravd\u011bpodobn\u00e9, \u017ee spolu s v\u00e1mi si to do p\u0159\u00edrody nam\u00ed\u0159\u00ed i d\u011btsk\u00fd ko\u010d\u00e1rek. V [&hellip;]","datePublished":"2023-01-23","dateModified":"2023-05-31","author":{"@type":"Person","@id":"https:\/\/www.isso.cz\/author\/#Person","name":"","url":"https:\/\/www.isso.cz\/author\/","identifier":1,"image":{"@type":"ImageObject","@id":"https:\/\/secure.gravatar.com\/avatar\/0379e0c919e89f337c2f51ff1404922f8441b43281fb91f3719df99f70b9888f?s=96&d=mm&r=g","url":"https:\/\/secure.gravatar.com\/avatar\/0379e0c919e89f337c2f51ff1404922f8441b43281fb91f3719df99f70b9888f?s=96&d=mm&r=g","height":96,"width":96}},"publisher":{"@type":"Organization","name":"isso.cz","logo":{"@type":"ImageObject","@id":"\/logo.png","url":"\/logo.png","width":600,"height":60}},"image":{"@type":"ImageObject","@id":"https:\/\/www.isso.cz\/wp-content\/uploads\/dolls-houses-g6ff09b0fc_640.jpg","url":"https:\/\/www.isso.cz\/wp-content\/uploads\/dolls-houses-g6ff09b0fc_640.jpg","height":0,"width":0},"url":"https:\/\/www.isso.cz\/dovolena-s-miminkem-a-batolaty\/","about":["Zbo\u017e\u00ed"],"wordCount":430,"articleBody":"      Chyst\u00e1te se na dovolenou a spolu s v\u00e1mi i mal\u00e9 miminko ve v\u011bku kojenc\u016f \u010di batolat? Pro\u010d ne, alespo\u0148 zm\u011bn\u00edte prost\u0159ed\u00ed, a zejm\u00e9na, pokud \u017eijete ve m\u011bst\u011b, set\u0159esete ze sebe v\u0161echny stresov\u00e9 podn\u011bty, co jich je ve m\u011bstech p\u0159ehr\u0161el. Je velmi pravd\u011bpodobn\u00e9, \u017ee spolu s v\u00e1mi si to do p\u0159\u00edrody nam\u00ed\u0159\u00ed i d\u011btsk\u00fd ko\u010d\u00e1rek. V dne\u0161n\u00ed dob\u011b je velk\u00fd z\u00e1jem o ko\u010d\u00e1rky trojkombinace, co\u017e jsou vlastn\u011b dva ko\u010d\u00e1rky v jednom \u2013 na jeden podvozek lze um\u00edstit bu\u010f verzi hlubokou anebo sportovn\u00ed a t\u0159et\u00ed \u010d\u00e1st\u00ed trojkombinace je d\u011btsk\u00e1 autoseda\u010dka.U ko\u010d\u00e1rk\u016f, s nimi\u017e cestujete na del\u0161\u00ed vzd\u00e1lenost a vyu\u017e\u00edv\u00e1te je pro pohyb v n\u00e1ro\u010dn\u011bj\u0161\u00edm ter\u00e9nu, nap\u0159. na mo\u0159sk\u00e9 pl\u00e1\u017ei nebo na horsk\u00fdch svaz\u00edch, je z\u00e1kladn\u00edm p\u0159edpokladem robustn\u00ed kovov\u00fd r\u00e1m uchycen\u00fd na odpru\u017een\u00e9m podvozku a kola v\u011bt\u0161\u00edho pr\u016fm\u011bru. Velk\u00e1 kola sn\u00e1ze p\u0159ekon\u00e1vaj\u00ed i n\u00e1ro\u010dn\u011bj\u0161\u00ed p\u0159ek\u00e1\u017eky, co\u017e si dob\u0159e uv\u011bdom\u00edte zejm\u00e9na tehdy, porovn\u00e1te-li mezi sebou klasickou trojkombinaci a ko\u010d\u00e1rek typu golfek. Komfort vyu\u017e\u00edv\u00e1n\u00ed d\u011btsk\u00fdch ko\u010d\u00e1rk\u016f zvy\u0161uj\u00ed i \u00falo\u017en\u00e9 prostory, um\u00edst\u011bn\u00e9 na podvozku pod korbou, a tak\u00e9 jednod\u00edln\u00e1 rukoje\u0165 pro snaz\u0161\u00ed veden\u00ed stroje jednou rukou.Barevn\u00fd ko\u010d\u00e1rek by nem\u011bla b\u00fdt jen fikceKo\u010d\u00e1rek pro hol\u010di\u010dku by m\u011bl b\u00fdt p\u0159edev\u0161\u00edm barevn\u00fd. D\u011bti velmi citliv\u011b vn\u00edmaj\u00ed barevn\u00fd sv\u011bt kolem n\u00e1s a barvy jim tak\u00e9 pom\u00e1haj\u00ed formovat osobnost. Jin\u00fdmi slovy, pokud d\u011bti uzav\u0159ete ji\u017e v ko\u010d\u00e1rku do temn\u00e9 kobky, budou se c\u00edtit st\u00edsn\u011bn\u011b a m\u016f\u017ee to vyvolat i z\u00e1va\u017en\u00e1 du\u0161evn\u00ed onemocn\u011bn\u00ed. Sna\u017ete se jim proto vytv\u00e1\u0159et co nejpest\u0159ej\u0161\u00ed barevn\u00e9 prost\u0159ed\u00ed, kde se pohybuj\u00ed, t\u00fdk\u00e1 se to hra\u010dek, oble\u010den\u00ed, hygienick\u00fdch pot\u0159eb a samoz\u0159ejm\u011b i vnit\u0159n\u00ed \u010d\u00e1sti ko\u010d\u00e1rku.Barevn\u00fd ko\u010d\u00e1rek tak\u00e9 l\u00e9pe p\u016fsob\u00ed na maminku a dal\u0161\u00ed osoby, kter\u00e9 s n\u00edm p\u0159ijdou do styku, je zn\u00e1mo, \u017ee pestr\u00e9 barvy zlep\u0161uj\u00ed n\u00e1ladu a pom\u00e1haj\u00ed vn\u00edmat sv\u011bt kolem sebe veseleji a v\u00edce s nadhledem. U tmav\u00fdch ko\u010d\u00e1rk\u016f se pak st\u00e1v\u00e1, \u017ee jsou lid\u00e9 v\u00edce sev\u0159en\u00ed, vystresovan\u00ed a podr\u00e1\u017ed\u011bn\u00ed.                                                                                                                                                                                                                                                                                                                                                                                          4\/5 - (1 vote)        "},{"@context":"https:\/\/schema.org\/","@type":"BreadcrumbList","itemListElement":[{"@type":"ListItem","position":1,"name":"Dovolen\u00e1 s miminkem a batolaty","item":"https:\/\/www.isso.cz\/dovolena-s-miminkem-a-batolaty\/#breadcrumbitem"}]}]