[{"@context":"https:\/\/schema.org\/","@type":"Article","@id":"https:\/\/www.isso.cz\/fotokniha-pro-vase-snimky\/#Article","mainEntityOfPage":"https:\/\/www.isso.cz\/fotokniha-pro-vase-snimky\/","headline":"Fotokniha pro Va\u0161e sn\u00edmky","name":"Fotokniha pro Va\u0161e sn\u00edmky","description":"R\u00e1di schov\u00e1v\u00e1te v\u0161echny sn\u00edmky na jednom m\u00edst\u011b? Pat\u0159\u00edte zast\u00e1nce zakl\u00e1d\u00e1n\u00ed vytisknut\u00fdch sn\u00edmk\u016f do alb a n\u011bjak\u00e9 uchov\u00e1v\u00e1n\u00ed na CD nebo v\u00a0po\u010d\u00edta\u010di nen\u00ed zrovna n\u011bco, \u010demu byste dvakr\u00e1t fandili? D\u00edky tomu, \u017ee si sn\u00edmky nech\u00e1te vytisknout a \u0159\u00e1dn\u011b zalo\u017e\u00edte, je pak m\u016f\u017eete proch\u00e1zet v\u00a0klidu a v\u00a0pohod\u011b. D\u00edky tomu m\u016f\u017eete vzpom\u00ednat na ud\u00e1losti, co se stali a [&hellip;]","datePublished":"2024-01-06","dateModified":"2024-01-06","author":{"@type":"Person","@id":"https:\/\/www.isso.cz\/author\/#Person","name":"","url":"https:\/\/www.isso.cz\/author\/","identifier":1,"image":{"@type":"ImageObject","@id":"https:\/\/secure.gravatar.com\/avatar\/0379e0c919e89f337c2f51ff1404922f8441b43281fb91f3719df99f70b9888f?s=96&d=mm&r=g","url":"https:\/\/secure.gravatar.com\/avatar\/0379e0c919e89f337c2f51ff1404922f8441b43281fb91f3719df99f70b9888f?s=96&d=mm&r=g","height":96,"width":96}},"publisher":{"@type":"Organization","name":"isso.cz","logo":{"@type":"ImageObject","@id":"\/logo.png","url":"\/logo.png","width":600,"height":60}},"url":"https:\/\/www.isso.cz\/fotokniha-pro-vase-snimky\/","wordCount":250,"articleBody":"R\u00e1di schov\u00e1v\u00e1te v\u0161echny sn\u00edmky na jednom m\u00edst\u011b? Pat\u0159\u00edte zast\u00e1nce zakl\u00e1d\u00e1n\u00ed vytisknut\u00fdch sn\u00edmk\u016f do alb a n\u011bjak\u00e9 uchov\u00e1v\u00e1n\u00ed na CD nebo v\u00a0po\u010d\u00edta\u010di nen\u00ed zrovna n\u011bco, \u010demu byste dvakr\u00e1t fandili? D\u00edky tomu, \u017ee si sn\u00edmky nech\u00e1te vytisknout a \u0159\u00e1dn\u011b zalo\u017e\u00edte, je pak m\u016f\u017eete proch\u00e1zet v\u00a0klidu a v\u00a0pohod\u011b. D\u00edky tomu m\u016f\u017eete vzpom\u00ednat na ud\u00e1losti, co se stali a p\u0159itom listovat albem. Pokud se V\u00e1m tedy n\u011bco takov\u00e9ho zamlouv\u00e1, m\u00e1me pro V\u00e1s n\u011bco, co by V\u00e1s mohlo zaujmout. Fotoknihy jsou v\u00a0dne\u0161n\u00edch dnech velmi roz\u0161\u00ed\u0159en\u00fdm produktem, kter\u00fd vyu\u017e\u00edv\u00e1 st\u00e1le v\u011bt\u0161\u00ed po\u010det lid\u00ed.M\u016f\u017eete si v\u00a0klidu prohl\u00ed\u017eetPokud se tedy rozhodnete si n\u011bco takov\u00e9ho po\u0159\u00eddit, uvid\u00edte, \u017ee nebudete litovat. M\u016f\u017eete si vyb\u00edrat z\u00a0r\u016fzn\u00fdch form\u00e1t\u016f, a to z\u00a0form\u00e1tu A4 nebo z\u00a0form\u00e1tu A5. Tak\u00e9 bude na V\u00e1s, jak\u00e9 si zvol\u00edte desky a potom u\u017e jen vyberete sn\u00edmky, kter\u00e9 by se m\u011bly do produktu natisknout. Jakmile ukon\u010d\u00edte objedn\u00e1vku, my u\u017e se o v\u0161echno postar\u00e1me. Zajist\u00edme, aby v\u0161e prob\u011bhlo tak, jak m\u00e1 a hotov\u00fd produkt V\u00e1m za\u0161leme na Va\u0161i adresu. Vy tak budete moct v\u00a0klidu prohl\u00ed\u017eet.                                                                                                                                                                                                                                                                                                                                                                                        4.4\/5 - (11 votes)        "},{"@context":"https:\/\/schema.org\/","@type":"BreadcrumbList","itemListElement":[{"@type":"ListItem","position":1,"name":"Fotokniha pro Va\u0161e sn\u00edmky","item":"https:\/\/www.isso.cz\/fotokniha-pro-vase-snimky\/#breadcrumbitem"}]}]