[{"@context":"https:\/\/schema.org\/","@type":"Article","@id":"https:\/\/www.isso.cz\/jak-udrzet-svou-plet-krasnou-i-ve-vyssim-veku\/#Article","mainEntityOfPage":"https:\/\/www.isso.cz\/jak-udrzet-svou-plet-krasnou-i-ve-vyssim-veku\/","headline":"Jak udr\u017eet svou ple\u0165 kr\u00e1snou i ve vy\u0161\u0161\u00edm v\u011bku","name":"Jak udr\u017eet svou ple\u0165 kr\u00e1snou i ve vy\u0161\u0161\u00edm v\u011bku","description":"Ple\u0165 je pro v\u0161echny \u017eeny velice d\u016fle\u017eit\u00e1. Na\u0161i ple\u0165 vid\u00ed ka\u017ed\u00fd okam\u017eit\u011b, hned jak se na n\u00e1s pod\u00edv\u00e1. Ple\u0165 by n\u00e1s m\u011bla reprezentovat a je stejn\u011b d\u016fle\u017eit\u00e1 jako na\u0161e vlasy. Oble\u010den\u00ed m\u016f\u017eeme zm\u011bnit ze dne na den, \u00fa\u010des a barvu vlas\u016f tak\u00e9, ov\u0161em ple\u0165 je velice citliv\u00e1 a nelze ji zm\u011bnit k lep\u0161\u00edmu hned, jakmile [&hellip;]","datePublished":"2016-11-10","dateModified":"2016-11-10","author":{"@type":"Person","@id":"https:\/\/www.isso.cz\/author\/#Person","name":"","url":"https:\/\/www.isso.cz\/author\/","identifier":1,"image":{"@type":"ImageObject","@id":"https:\/\/secure.gravatar.com\/avatar\/0379e0c919e89f337c2f51ff1404922f8441b43281fb91f3719df99f70b9888f?s=96&d=mm&r=g","url":"https:\/\/secure.gravatar.com\/avatar\/0379e0c919e89f337c2f51ff1404922f8441b43281fb91f3719df99f70b9888f?s=96&d=mm&r=g","height":96,"width":96}},"publisher":{"@type":"Organization","name":"isso.cz","logo":{"@type":"ImageObject","@id":"\/logo.png","url":"\/logo.png","width":600,"height":60}},"image":{"@type":"ImageObject","@id":"https:\/\/www.isso.cz\/wp-content\/uploads\/img_a278663_w3855_t1602481039.jpg","url":"https:\/\/www.isso.cz\/wp-content\/uploads\/img_a278663_w3855_t1602481039.jpg","height":0,"width":0},"url":"https:\/\/www.isso.cz\/jak-udrzet-svou-plet-krasnou-i-ve-vyssim-veku\/","about":["Lifestyle"],"wordCount":465,"articleBody":"         Ple\u0165 je pro v\u0161echny \u017eeny velice d\u016fle\u017eit\u00e1. Na\u0161i ple\u0165 vid\u00ed ka\u017ed\u00fd okam\u017eit\u011b, hned jak se na n\u00e1s pod\u00edv\u00e1. Ple\u0165 by n\u00e1s m\u011bla reprezentovat a je stejn\u011b d\u016fle\u017eit\u00e1 jako na\u0161e vlasy. Oble\u010den\u00ed m\u016f\u017eeme zm\u011bnit ze dne na den, \u00fa\u010des a barvu vlas\u016f tak\u00e9, ov\u0161em ple\u0165 je velice citliv\u00e1 a nelze ji zm\u011bnit k lep\u0161\u00edmu hned, jakmile si uv\u011bdom\u00edme n\u011bjak\u00fd probl\u00e9m. Ple\u0165 reaguje na zm\u011bny velice pomalu a nav\u00edc t\u00edm pomaleji, \u010d\u00edm star\u0161\u00ed jsme. Pokud jsme si sv\u00e9 pleti d\u0159\u00edve v\u016fbec nev\u0161\u00edmali, budeme m\u00edt o to v\u011bt\u0161\u00ed pr\u00e1ci.  V d\u011btstv\u00ed m\u00edv\u00e1 v\u011bt\u0161inou ple\u0165 hezkou ka\u017ed\u00fd, co\u017e se ov\u0161em m\u011bn\u00ed v dosp\u00edv\u00e1n\u00ed, kdy m\u00e1 t\u00e9m\u011b\u0159 ka\u017ed\u00fd v\u011bt\u0161\u00ed \u010di men\u0161\u00ed pot\u00ed\u017ee s akn\u00e9. Tyto probl\u00e9my v\u011bt\u0161inou vymiz\u00ed \u010di se v\u00fdrazn\u011b omez\u00ed s p\u0159\u00edchodem dosp\u011blosti. V ml\u00e1d\u00ed m\u00edvaj\u00ed \u017eeny kr\u00e1snou ple\u0165 a maj\u00ed pocit, \u017ee se o ni nemus\u00ed starat. V\u00fdkyvy v kvalit\u011b pleti b\u00fdvaj\u00ed pouze kr\u00e1tkodob\u00e9 \u2013 nap\u0159\u00edklad po probd\u011bl\u00e9 noci. S p\u0159ib\u00fdvaj\u00edc\u00edmi roky ov\u0161em p\u0159ib\u00fdvaj\u00ed tak\u00e9 probl\u00e9my s plet\u00ed. Mo\u017en\u00e1, \u017ee ne p\u0159\u00edmo probl\u00e9my, nicm\u00e9n\u011b na pleti je zn\u00e1t, \u017ee by si zaslou\u017eila trochu v\u00edce p\u00e9\u010de. P\u00e9\u010de o ple\u0165 nemus\u00ed b\u00fdt v\u016fbec finan\u010dn\u011b n\u00e1ro\u010dn\u00e1. Mnoh\u00e9 testy v\u00fdrobk\u016f n\u00e1m dokonce uk\u00e1zali, \u017ee n\u011bkter\u00e9 levn\u00e9 v\u00fdrobky ze supermarket\u016f \u2013 ple\u0165ov\u00e9 kr\u00e9my, masky apod., mohou b\u00fdt kvalitn\u011bj\u0161\u00ed, ne\u017e zna\u010dkov\u00e9 v\u00fdrobky ze speci\u00e1ln\u00edch obchod\u016f. Je tedy velice dobr\u00e9 pe\u010dliv\u011b vyb\u00edrat a zkou\u0161et, dokud nenajdete takov\u00fd v\u00fdrobek, kter\u00fd v\u00e1m bude vyhovovat. Co d\u011bl\u00e1 na\u0161\u00ed pleti dob\u0159e? Svou ple\u0165 nemus\u00edme h\u00fd\u010dkat jen drah\u00fdmi kr\u00e9my. Stejn\u011b d\u016fle\u017eit\u00e9 pro na\u0161i ple\u0165 je nap\u0159\u00edklad i dostatek tekutin, nem\u011bli bychom tedy zanedb\u00e1vat sv\u016fj pitn\u00fd re\u017eim. Ple\u0165 bude kr\u00e1sn\u011b vypnut\u00e1, hydratovan\u00e1 a bude p\u016fsobit sv\u011b\u017eeji.  A co dal\u0161\u00edho m\u016f\u017eeme pro svou ple\u0165 ud\u011blat? A co bychom nem\u011bli nikdy zapomenout? Mnoh\u00e9 kr\u00e1sn\u00e9 \u017eeny sv\u011bta, modelky aj. se shoduj\u00ed na jedn\u00e9 d\u016fle\u017eit\u00e9 v\u011bci a tou je: \u010di\u0161t\u011bn\u00ed pleti. V\u017edy si ve\u010der nezapome\u0148te pe\u010dliv\u011b odl\u00ed\u010dit svou ple\u0165, o\u010di, p\u0159\u00edpadn\u011b dekolt. Je velice d\u016fle\u017eit\u00e9, aby si va\u0161e ple\u0165 mohla p\u0159es noc odpo\u010dinout od v\u0161ech l\u00ed\u010didel. Ve spolupr\u00e1ci s https:\/\/biolabshop.cz\/.                                                                                                                                                                                                                                                                                                                                                                                          4.5\/5 - (2 votes)        "},{"@context":"https:\/\/schema.org\/","@type":"BreadcrumbList","itemListElement":[{"@type":"ListItem","position":1,"name":"Jak udr\u017eet svou ple\u0165 kr\u00e1snou i ve vy\u0161\u0161\u00edm v\u011bku","item":"https:\/\/www.isso.cz\/jak-udrzet-svou-plet-krasnou-i-ve-vyssim-veku\/#breadcrumbitem"}]}]