{"@context":"https:\/\/schema.org\/","@type":"CollectionPage","@id":"https:\/\/www.isso.cz\/laska\/#CollectionPage","headline":"L\u00e1ska Category","description":"","url":"https:\/\/www.isso.cz\/laska\/","hasPart":[{"@type":"Article","@id":"https:\/\/www.isso.cz\/pletivo-pro-zvirata\/","headline":"Pletivo pro zv\u00ed\u0159ata","url":"https:\/\/www.isso.cz\/pletivo-pro-zvirata\/","datePublished":"2025-06-02","dateModified":"2025-06-02","mainEntityOfPage":"https:\/\/www.isso.cz\/pletivo-pro-zvirata\/","author":{"@type":"Person","@id":"https:\/\/www.isso.cz\/author\/#Person","name":"","url":"https:\/\/www.isso.cz\/author\/","identifier":1,"image":{"@type":"ImageObject","@id":"https:\/\/secure.gravatar.com\/avatar\/0379e0c919e89f337c2f51ff1404922f8441b43281fb91f3719df99f70b9888f?s=96&d=mm&r=g","url":"https:\/\/secure.gravatar.com\/avatar\/0379e0c919e89f337c2f51ff1404922f8441b43281fb91f3719df99f70b9888f?s=96&d=mm&r=g","height":96,"width":96}},"publisher":{"@type":"Organization","name":"isso.cz","logo":{"@type":"ImageObject","@id":"\/logo.png","url":"\/logo.png","width":600,"height":60}},"image":{"@type":"ImageObject","@id":"https:\/\/www.isso.cz\/wp-content\/uploads\/macro-1842127_640.jpg","url":"https:\/\/www.isso.cz\/wp-content\/uploads\/macro-1842127_640.jpg","height":0,"width":0},"keywords":null},{"@type":"Article","@id":"https:\/\/www.isso.cz\/neni-laska-jako-laska\/","headline":"Nen\u00ed l\u00e1ska jako l\u00e1ska","url":"https:\/\/www.isso.cz\/neni-laska-jako-laska\/","datePublished":"2022-01-16","dateModified":"2023-05-31","mainEntityOfPage":"https:\/\/www.isso.cz\/neni-laska-jako-laska\/","author":{"@type":"Person","@id":"https:\/\/www.isso.cz\/author\/#Person","name":"","url":"https:\/\/www.isso.cz\/author\/","identifier":1,"image":{"@type":"ImageObject","@id":"https:\/\/secure.gravatar.com\/avatar\/0379e0c919e89f337c2f51ff1404922f8441b43281fb91f3719df99f70b9888f?s=96&d=mm&r=g","url":"https:\/\/secure.gravatar.com\/avatar\/0379e0c919e89f337c2f51ff1404922f8441b43281fb91f3719df99f70b9888f?s=96&d=mm&r=g","height":96,"width":96}},"publisher":{"@type":"Organization","name":"isso.cz","logo":{"@type":"ImageObject","@id":"\/logo.png","url":"\/logo.png","width":600,"height":60}},"image":{"@type":"ImageObject","@id":"https:\/\/www.isso.cz\/wp-content\/uploads\/i%20love%20you_1.jpg","url":"https:\/\/www.isso.cz\/wp-content\/uploads\/i%20love%20you_1.jpg","height":0,"width":0},"keywords":null},{"@type":"Article","@id":"https:\/\/www.isso.cz\/jak-si-udelat-dokonale-prostredi\/","headline":"Jak si ud\u011blat dokonal\u00e9 prost\u0159ed\u00ed?","url":"https:\/\/www.isso.cz\/jak-si-udelat-dokonale-prostredi\/","datePublished":"2021-10-23","dateModified":"2021-10-23","mainEntityOfPage":"https:\/\/www.isso.cz\/jak-si-udelat-dokonale-prostredi\/","author":{"@type":"Person","@id":"https:\/\/www.isso.cz\/author\/#Person","name":"","url":"https:\/\/www.isso.cz\/author\/","identifier":1,"image":{"@type":"ImageObject","@id":"https:\/\/secure.gravatar.com\/avatar\/0379e0c919e89f337c2f51ff1404922f8441b43281fb91f3719df99f70b9888f?s=96&d=mm&r=g","url":"https:\/\/secure.gravatar.com\/avatar\/0379e0c919e89f337c2f51ff1404922f8441b43281fb91f3719df99f70b9888f?s=96&d=mm&r=g","height":96,"width":96}},"publisher":{"@type":"Organization","name":"isso.cz","logo":{"@type":"ImageObject","@id":"\/logo.png","url":"\/logo.png","width":600,"height":60}},"image":{"@type":"ImageObject","@id":"https:\/\/www.isso.cz\/wp-content\/uploads\/lampa-exklusiv-wanished-22-22-23cm_K1hL6I.jpg","url":"https:\/\/www.isso.cz\/wp-content\/uploads\/lampa-exklusiv-wanished-22-22-23cm_K1hL6I.jpg","height":0,"width":0},"keywords":null},{"@type":"Article","@id":"https:\/\/www.isso.cz\/zazimujte-vcas-bazen\/","headline":"Zazimujte v\u010das baz\u00e9n","url":"https:\/\/www.isso.cz\/zazimujte-vcas-bazen\/","datePublished":"2020-10-19","dateModified":"2023-05-31","mainEntityOfPage":"https:\/\/www.isso.cz\/zazimujte-vcas-bazen\/","author":{"@type":"Person","@id":"https:\/\/www.isso.cz\/author\/#Person","name":"","url":"https:\/\/www.isso.cz\/author\/","identifier":1,"image":{"@type":"ImageObject","@id":"https:\/\/secure.gravatar.com\/avatar\/0379e0c919e89f337c2f51ff1404922f8441b43281fb91f3719df99f70b9888f?s=96&d=mm&r=g","url":"https:\/\/secure.gravatar.com\/avatar\/0379e0c919e89f337c2f51ff1404922f8441b43281fb91f3719df99f70b9888f?s=96&d=mm&r=g","height":96,"width":96}},"publisher":{"@type":"Organization","name":"isso.cz","logo":{"@type":"ImageObject","@id":"\/logo.png","url":"\/logo.png","width":600,"height":60}},"image":{"@type":"ImageObject","@id":"https:\/\/www.isso.cz\/wp-content\/uploads\/plav%C3%A1n%C3%AD%20v%20baz%C3%A9nu_7.jpg","url":"https:\/\/www.isso.cz\/wp-content\/uploads\/plav%C3%A1n%C3%AD%20v%20baz%C3%A9nu_7.jpg","height":0,"width":0},"keywords":null},{"@type":"Article","@id":"https:\/\/www.isso.cz\/stopecka-orechovky-denne-pro-zdravi\/","headline":"\u201eStop\u011b\u010dka&#8220; o\u0159echovky denn\u011b pro zdrav\u00ed","url":"https:\/\/www.isso.cz\/stopecka-orechovky-denne-pro-zdravi\/","datePublished":"2020-03-22","dateModified":"2023-05-31","mainEntityOfPage":"https:\/\/www.isso.cz\/stopecka-orechovky-denne-pro-zdravi\/","author":{"@type":"Person","@id":"https:\/\/www.isso.cz\/author\/#Person","name":"","url":"https:\/\/www.isso.cz\/author\/","identifier":1,"image":{"@type":"ImageObject","@id":"https:\/\/secure.gravatar.com\/avatar\/0379e0c919e89f337c2f51ff1404922f8441b43281fb91f3719df99f70b9888f?s=96&d=mm&r=g","url":"https:\/\/secure.gravatar.com\/avatar\/0379e0c919e89f337c2f51ff1404922f8441b43281fb91f3719df99f70b9888f?s=96&d=mm&r=g","height":96,"width":96}},"publisher":{"@type":"Organization","name":"isso.cz","logo":{"@type":"ImageObject","@id":"\/logo.png","url":"\/logo.png","width":600,"height":60}},"image":{"@type":"ImageObject","@id":"https:\/\/www.isso.cz\/wp-content\/uploads\/nezral%C3%A9%20o%C5%99echy.jpg","url":"https:\/\/www.isso.cz\/wp-content\/uploads\/nezral%C3%A9%20o%C5%99echy.jpg","height":0,"width":0},"keywords":null},{"@type":"Article","@id":"https:\/\/www.isso.cz\/kdyz-bydlime-v-malem\/","headline":"Kdy\u017e bydl\u00edme v mal\u00e9m","url":"https:\/\/www.isso.cz\/kdyz-bydlime-v-malem\/","datePublished":"2020-03-21","dateModified":"2023-05-31","mainEntityOfPage":"https:\/\/www.isso.cz\/kdyz-bydlime-v-malem\/","author":{"@type":"Person","@id":"https:\/\/www.isso.cz\/author\/#Person","name":"","url":"https:\/\/www.isso.cz\/author\/","identifier":1,"image":{"@type":"ImageObject","@id":"https:\/\/secure.gravatar.com\/avatar\/0379e0c919e89f337c2f51ff1404922f8441b43281fb91f3719df99f70b9888f?s=96&d=mm&r=g","url":"https:\/\/secure.gravatar.com\/avatar\/0379e0c919e89f337c2f51ff1404922f8441b43281fb91f3719df99f70b9888f?s=96&d=mm&r=g","height":96,"width":96}},"publisher":{"@type":"Organization","name":"isso.cz","logo":{"@type":"ImageObject","@id":"\/logo.png","url":"\/logo.png","width":600,"height":60}},"image":{"@type":"ImageObject","@id":"https:\/\/www.isso.cz\/wp-content\/uploads\/mal%C3%BD%20sv%C4%9Btl%C3%BD%20ob%C3%BDvac%C3%AD%20pokoj.jpg","url":"https:\/\/www.isso.cz\/wp-content\/uploads\/mal%C3%BD%20sv%C4%9Btl%C3%BD%20ob%C3%BDvac%C3%AD%20pokoj.jpg","height":0,"width":0},"keywords":null},{"@type":"Article","@id":"https:\/\/www.isso.cz\/jak-na-detsky-pokoj\/","headline":"Jak na d\u011btsk\u00fd pokoj?","url":"https:\/\/www.isso.cz\/jak-na-detsky-pokoj\/","datePublished":"2020-02-11","dateModified":"2023-05-31","mainEntityOfPage":"https:\/\/www.isso.cz\/jak-na-detsky-pokoj\/","author":{"@type":"Person","@id":"https:\/\/www.isso.cz\/author\/#Person","name":"","url":"https:\/\/www.isso.cz\/author\/","identifier":1,"image":{"@type":"ImageObject","@id":"https:\/\/secure.gravatar.com\/avatar\/0379e0c919e89f337c2f51ff1404922f8441b43281fb91f3719df99f70b9888f?s=96&d=mm&r=g","url":"https:\/\/secure.gravatar.com\/avatar\/0379e0c919e89f337c2f51ff1404922f8441b43281fb91f3719df99f70b9888f?s=96&d=mm&r=g","height":96,"width":96}},"publisher":{"@type":"Organization","name":"isso.cz","logo":{"@type":"ImageObject","@id":"\/logo.png","url":"\/logo.png","width":600,"height":60}},"image":{"@type":"ImageObject","@id":"https:\/\/www.isso.cz\/wp-content\/uploads\/img_a375356_w2092_t1587032533.jpg","url":"https:\/\/www.isso.cz\/wp-content\/uploads\/img_a375356_w2092_t1587032533.jpg","height":0,"width":0},"keywords":null},{"@type":"Article","@id":"https:\/\/www.isso.cz\/pomluvy-aneb-co-delat-kdyz-na-vas-ex-plive-spinu-za-vasimi-zady\/","headline":"Pomluvy aneb co d\u011blat, kdy\u017e na V\u00e1s ex plive \u0161p\u00ednu za Va\u0161imi z\u00e1dy","url":"https:\/\/www.isso.cz\/pomluvy-aneb-co-delat-kdyz-na-vas-ex-plive-spinu-za-vasimi-zady\/","datePublished":"2019-11-04","dateModified":"2023-05-31","mainEntityOfPage":"https:\/\/www.isso.cz\/pomluvy-aneb-co-delat-kdyz-na-vas-ex-plive-spinu-za-vasimi-zady\/","author":{"@type":"Person","@id":"https:\/\/www.isso.cz\/author\/#Person","name":"","url":"https:\/\/www.isso.cz\/author\/","identifier":1,"image":{"@type":"ImageObject","@id":"https:\/\/secure.gravatar.com\/avatar\/0379e0c919e89f337c2f51ff1404922f8441b43281fb91f3719df99f70b9888f?s=96&d=mm&r=g","url":"https:\/\/secure.gravatar.com\/avatar\/0379e0c919e89f337c2f51ff1404922f8441b43281fb91f3719df99f70b9888f?s=96&d=mm&r=g","height":96,"width":96}},"publisher":{"@type":"Organization","name":"isso.cz","logo":{"@type":"ImageObject","@id":"\/logo.png","url":"\/logo.png","width":600,"height":60}},"image":{"@type":"ImageObject","@id":"https:\/\/www.isso.cz\/wp-content\/uploads\/img_a361286_w3855_t1574595694.jpg","url":"https:\/\/www.isso.cz\/wp-content\/uploads\/img_a361286_w3855_t1574595694.jpg","height":0,"width":0},"keywords":null},{"@type":"Article","@id":"https:\/\/www.isso.cz\/tantra-pro-dva\/","headline":"Tantra pro dva","url":"https:\/\/www.isso.cz\/tantra-pro-dva\/","datePublished":"2019-10-26","dateModified":"2023-05-31","mainEntityOfPage":"https:\/\/www.isso.cz\/tantra-pro-dva\/","author":{"@type":"Person","@id":"https:\/\/www.isso.cz\/author\/#Person","name":"","url":"https:\/\/www.isso.cz\/author\/","identifier":1,"image":{"@type":"ImageObject","@id":"https:\/\/secure.gravatar.com\/avatar\/0379e0c919e89f337c2f51ff1404922f8441b43281fb91f3719df99f70b9888f?s=96&d=mm&r=g","url":"https:\/\/secure.gravatar.com\/avatar\/0379e0c919e89f337c2f51ff1404922f8441b43281fb91f3719df99f70b9888f?s=96&d=mm&r=g","height":96,"width":96}},"publisher":{"@type":"Organization","name":"isso.cz","logo":{"@type":"ImageObject","@id":"\/logo.png","url":"\/logo.png","width":600,"height":60}},"image":{"@type":"ImageObject","@id":"https:\/\/www.isso.cz\/wp-content\/uploads\/img_a357775_w3855_t1572173542.jpg","url":"https:\/\/www.isso.cz\/wp-content\/uploads\/img_a357775_w3855_t1572173542.jpg","height":0,"width":0},"keywords":null},{"@type":"Article","@id":"https:\/\/www.isso.cz\/i-muzi-maji-strach\/","headline":"I mu\u017ei maj\u00ed strach","url":"https:\/\/www.isso.cz\/i-muzi-maji-strach\/","datePublished":"2019-09-16","dateModified":"2023-05-31","mainEntityOfPage":"https:\/\/www.isso.cz\/i-muzi-maji-strach\/","author":{"@type":"Person","@id":"https:\/\/www.isso.cz\/author\/#Person","name":"","url":"https:\/\/www.isso.cz\/author\/","identifier":1,"image":{"@type":"ImageObject","@id":"https:\/\/secure.gravatar.com\/avatar\/0379e0c919e89f337c2f51ff1404922f8441b43281fb91f3719df99f70b9888f?s=96&d=mm&r=g","url":"https:\/\/secure.gravatar.com\/avatar\/0379e0c919e89f337c2f51ff1404922f8441b43281fb91f3719df99f70b9888f?s=96&d=mm&r=g","height":96,"width":96}},"publisher":{"@type":"Organization","name":"isso.cz","logo":{"@type":"ImageObject","@id":"\/logo.png","url":"\/logo.png","width":600,"height":60}},"image":{"@type":"ImageObject","@id":"https:\/\/www.isso.cz\/wp-content\/uploads\/img_a339956_w1749_t1552997991.jpg","url":"https:\/\/www.isso.cz\/wp-content\/uploads\/img_a339956_w1749_t1552997991.jpg","height":0,"width":0},"keywords":null}]}