[{"@context":"https:\/\/schema.org\/","@type":"Article","@id":"https:\/\/www.isso.cz\/otevirame-web-zamereny-pro-lyzare\/#Article","mainEntityOfPage":"https:\/\/www.isso.cz\/otevirame-web-zamereny-pro-lyzare\/","headline":"Otev\u00edr\u00e1me web zam\u011b\u0159en\u00fd pro ly\u017ea\u0159e","name":"Otev\u00edr\u00e1me web zam\u011b\u0159en\u00fd pro ly\u017ea\u0159e","description":"Ly\u017eov\u00e1n\u00ed pat\u0159\u00ed v na\u0161\u00ed zemi k nejobl\u00edben\u011bj\u0161\u00edm sport\u016fm. Jeho tradice sah\u00e1 a\u017e do konce devaten\u00e1ct\u00e9ho stolet\u00ed, tehdy \u0161lo sice o velmi neobratn\u00e9 d\u0159ev\u011bn\u00e9 ski, kter\u00e9 nikdo jin\u00fd neznal, ne\u017e n\u011bkte\u0159\u00ed obyvatel\u00e9 Krkono\u0161, a v t\u00e9 dob\u011b tak\u00e9 jist\u011b nikdo nep\u0159edv\u00eddal, \u017ee se jednou, za n\u011bkolik des\u00edtek let, stane ly\u017eov\u00e1n\u00ed dokonce olympijsk\u00fdm sportem. V sou\u010dasn\u00e9 dob\u011b [&hellip;]","datePublished":"2023-02-28","dateModified":"2023-02-28","author":{"@type":"Person","@id":"https:\/\/www.isso.cz\/author\/#Person","name":"","url":"https:\/\/www.isso.cz\/author\/","identifier":1,"image":{"@type":"ImageObject","@id":"https:\/\/secure.gravatar.com\/avatar\/0379e0c919e89f337c2f51ff1404922f8441b43281fb91f3719df99f70b9888f?s=96&d=mm&r=g","url":"https:\/\/secure.gravatar.com\/avatar\/0379e0c919e89f337c2f51ff1404922f8441b43281fb91f3719df99f70b9888f?s=96&d=mm&r=g","height":96,"width":96}},"publisher":{"@type":"Organization","name":"isso.cz","logo":{"@type":"ImageObject","@id":"\/logo.png","url":"\/logo.png","width":600,"height":60}},"image":{"@type":"ImageObject","@id":"https:\/\/www.isso.cz\/wp-content\/uploads\/seo-g737ee27e5_640.png","url":"https:\/\/www.isso.cz\/wp-content\/uploads\/seo-g737ee27e5_640.png","height":0,"width":0},"url":"https:\/\/www.isso.cz\/otevirame-web-zamereny-pro-lyzare\/","wordCount":454,"articleBody":"    Ly\u017eov\u00e1n\u00ed pat\u0159\u00ed v na\u0161\u00ed zemi k nejobl\u00edben\u011bj\u0161\u00edm sport\u016fm. Jeho tradice sah\u00e1 a\u017e do konce devaten\u00e1ct\u00e9ho stolet\u00ed, tehdy \u0161lo sice o velmi neobratn\u00e9 d\u0159ev\u011bn\u00e9 ski, kter\u00e9 nikdo jin\u00fd neznal, ne\u017e n\u011bkte\u0159\u00ed obyvatel\u00e9 Krkono\u0161, a v t\u00e9 dob\u011b tak\u00e9 jist\u011b nikdo nep\u0159edv\u00eddal, \u017ee se jednou, za n\u011bkolik des\u00edtek let, stane ly\u017eov\u00e1n\u00ed dokonce olympijsk\u00fdm sportem.  V sou\u010dasn\u00e9 dob\u011b je v \u010cesk\u00e9 republice ka\u017ed\u00fd rok v provozu p\u0159ibli\u017en\u011b sto a\u017e t\u0159i sta ly\u017ea\u0159sk\u00fdch are\u00e1l\u016f, kter\u00e9 nab\u00edzej\u00ed podm\u00ednky pro sjezdov\u00e9 ly\u017eov\u00e1n\u00ed jak na technick\u00e9m, tak i na p\u0159\u00edrodn\u00edm sn\u011bhu pro dosp\u011bl\u00e9 i pro ty nejmen\u0161\u00ed \u0161punty. V mnoha z nich jsou v provozu i ly\u017ea\u0159sk\u00e9 \u0161koly, a kdo z v\u00e1s se pak nau\u010d\u00ed ly\u017eovat alespo\u0148 trochu obstojn\u011b, jist\u011b si dok\u00e1\u017ee vychutnat po\u017eitek z j\u00edzdy podobn\u011b, jako na silni\u010dn\u00edm \u010di horsk\u00e9m kole. Pot\u0159ebujete v\u0161ak k tomu po\u0159\u00e1dn\u00e9 vybaven\u00ed, a i kdy\u017e si jej m\u016f\u017eete vyp\u016fj\u010dit, v\u017edy je v\u00fdhodn\u011bj\u0161\u00ed m\u00edt sv\u00e9 vlastn\u00ed. Nejste na nikom pak z\u00e1visl\u00ed a m\u016f\u017eete se vydat do hor, kam chcete a kdy chcete.  Pokud pr\u00e1v\u011b vy pat\u0159\u00edte k nad\u0161enc\u016fm zimn\u00edch sport\u016f a cht\u011bli byste nab\u00edzet v prodeji ly\u017ea\u0159sk\u00e9 vybaven\u00ed po\u010d\u00ednaje helmami a br\u00fdlemi a kon\u010de ly\u017ea\u0159sk\u00fdmi holemi, obuv\u00ed a samoz\u0159ejm\u011b r\u016fzn\u00fdmi druhy sjezdov\u00fdch \u010di b\u011b\u017eeck\u00fdch ly\u017e\u00ed, m\u00e1te mo\u017enost otev\u0159\u00edt e-shop a prod\u00e1vat v n\u011bm sortiment, kter\u00fd v\u00e1s tak oslovuje. M\u016f\u017eete pak sv\u00fdm z\u00e1kazn\u00edk\u016fm p\u0159edkl\u00e1dat i odborn\u00e9 poradenstv\u00ed a dal\u0161\u00ed podp\u016frn\u00e9 slu\u017eby. Za\u010dn\u011bte profesion\u00e1ln\u00edm e-shopem  T\u00edm byste m\u011bli za\u010d\u00edt. Nechat si vytvo\u0159it od specializovan\u00e9 firmy webov\u00fd port\u00e1l, kter\u00fd nejen, \u017ee usp\u011bje v konkurenci, ale nab\u00eddne lidem i n\u011bco nav\u00edc. Nap\u0159\u00edklad r\u016fzn\u00e9 slevy v\u010detn\u011b dopravy, mont\u00e1\u017e a se\u0159izov\u00e1n\u00ed v\u00e1z\u00e1n\u00ed a p\u0159\u00edpadn\u011b provozov\u00e1n\u00ed bazarov\u00e9ho prodeje, kter\u00fd ocen\u00ed zejm\u00e9na rodi\u010de d\u011bt\u00ed. Co v\u0161ak bude nezbytn\u00e9, je SEO pro Shoptet, bez n\u011bho v\u00e1s lid\u00e9 st\u011b\u017e\u00ed objev\u00ed a o va\u0161ich skv\u011bl\u00fdch slu\u017eb\u00e1ch nebudou m\u00edt ani tu\u0161en\u00ed. Pokud SEO pro WIX zanedb\u00e1te, vyhled\u00e1va\u010de v\u00e1s nebudou za\u0159azovat do pop\u0159ed\u00ed a bude v\u00e1m hrozit, \u017ee va\u0161e podnik\u00e1n\u00ed brzy ztroskot\u00e1 na nedostatku z\u00e1kazn\u00edk\u016f.                                                                                                                                                                                                                                                                                                                                                                                          3.2\/5 - (12 votes)        "},{"@context":"https:\/\/schema.org\/","@type":"BreadcrumbList","itemListElement":[{"@type":"ListItem","position":1,"name":"Otev\u00edr\u00e1me web zam\u011b\u0159en\u00fd pro ly\u017ea\u0159e","item":"https:\/\/www.isso.cz\/otevirame-web-zamereny-pro-lyzare\/#breadcrumbitem"}]}]