[{"@context":"https:\/\/schema.org\/","@type":"Article","@id":"https:\/\/www.isso.cz\/uz-mam-tech-kridlovych-vrat-po-krk\/#Article","mainEntityOfPage":"https:\/\/www.isso.cz\/uz-mam-tech-kridlovych-vrat-po-krk\/","headline":"U\u017e m\u00e1m t\u011bch k\u0159\u00eddlov\u00fdch vrat po krk","name":"U\u017e m\u00e1m t\u011bch k\u0159\u00eddlov\u00fdch vrat po krk","description":"M\u00e1te ve sv\u00e9 gar\u00e1\u017ei k\u0159\u00eddlov\u00e1 vrata a m\u00e1te s nimi neblah\u00e9 zku\u0161enosti? Jsou ji\u017e zna\u010dn\u011b star\u00e1 a opot\u0159ebovan\u00e1 a p\u0159ipad\u00e1 v\u00e1m, \u017ee by pot\u0159ebovala vym\u011bnit? Pokud se jedn\u00e1 o vrata d\u0159ev\u011bn\u00e1, v dob\u011b sv\u00e9ho vzniku mohly plnit dob\u0159e svou funkci, ale \u010dasem do\u0161lo k \u0159ad\u011b po\u0161kozen\u00ed a opot\u0159eben\u00ed. Nap\u0159\u00edklad vrata v pantech sesedaj\u00ed a drhnou [&hellip;]","datePublished":"2025-04-05","dateModified":"2025-04-05","author":{"@type":"Person","@id":"https:\/\/www.isso.cz\/author\/#Person","name":"","url":"https:\/\/www.isso.cz\/author\/","identifier":1,"image":{"@type":"ImageObject","@id":"https:\/\/secure.gravatar.com\/avatar\/0379e0c919e89f337c2f51ff1404922f8441b43281fb91f3719df99f70b9888f?s=96&d=mm&r=g","url":"https:\/\/secure.gravatar.com\/avatar\/0379e0c919e89f337c2f51ff1404922f8441b43281fb91f3719df99f70b9888f?s=96&d=mm&r=g","height":96,"width":96}},"publisher":{"@type":"Organization","name":"isso.cz","logo":{"@type":"ImageObject","@id":"\/logo.png","url":"\/logo.png","width":600,"height":60}},"image":{"@type":"ImageObject","@id":"https:\/\/www.isso.cz\/wp-content\/uploads\/gate-49610_640_5.jpg","url":"https:\/\/www.isso.cz\/wp-content\/uploads\/gate-49610_640_5.jpg","height":0,"width":0},"url":"https:\/\/www.isso.cz\/uz-mam-tech-kridlovych-vrat-po-krk\/","about":["Zbo\u017e\u00ed"],"wordCount":431,"articleBody":"       M\u00e1te ve sv\u00e9 gar\u00e1\u017ei k\u0159\u00eddlov\u00e1 vrata a m\u00e1te s nimi neblah\u00e9 zku\u0161enosti? Jsou ji\u017e zna\u010dn\u011b star\u00e1 a opot\u0159ebovan\u00e1 a p\u0159ipad\u00e1 v\u00e1m, \u017ee by pot\u0159ebovala vym\u011bnit? Pokud se jedn\u00e1 o vrata d\u0159ev\u011bn\u00e1, v dob\u011b sv\u00e9ho vzniku mohly plnit dob\u0159e svou funkci, ale \u010dasem do\u0161lo k \u0159ad\u011b po\u0161kozen\u00ed a opot\u0159eben\u00ed. Nap\u0159\u00edklad vrata v pantech sesedaj\u00ed a drhnou o beton p\u0159ed vraty. D\u0159evo mohlo \u010dasem nab\u00fdt na objemu, trouchniv\u011bt a b\u00fdt napaden\u00e9 d\u0159evokaznou houbou, co\u017e se projevilo ve \u0161patn\u00e9m dov\u00edr\u00e1n\u00ed vrat. A do t\u0159etice n\u011bkter\u00e9 z pant\u016f se za\u010daly viklat, proto\u017ee d\u0159ev\u011bn\u00e1 z\u00e1rube\u0148 ji\u017e tak\u00e9 za\u010d\u00edn\u00e1 trp\u011bt od vlhkosti a nen\u00ed \u00fapln\u011b v po\u0159\u00e1dku.Budete-li vrata m\u011bnit za nov\u00e1, doporu\u010dili bychom v\u00e1m p\u0159ej\u00edt na jin\u00fd zp\u016fsob v\u00fdstavby, a sice na gar\u00e1\u017eov\u00e1 vrata H\u00f6rmann od prodejce Altoma, se v\u0161emi n\u00e1le\u017eitostmi ve V\u0161eobecn\u00fdch obchodn\u00edch podm\u00ednk\u00e1ch altoma.cz. Nab\u00eddnout bychom v\u00e1m mohli nap\u0159\u00edklad vrata v\u00fdklopn\u00e1 \u010di sek\u010dn\u00ed rolovac\u00ed, otev\u00edran\u00e1 do vnit\u0159n\u00edch prostor gar\u00e1\u017ee. A jak\u00e9 z\u00edsk\u00e1te t\u00edmto \u0159e\u0161en\u00edm v\u00fdhody?Parkov\u00e1n\u00ed p\u0159ed vraty \u2013 zaparkovat p\u0159ed vraty k\u0159\u00eddlov\u00fdmi je mnohdy probl\u00e9m, proto\u017ee mus\u00edte po\u010d\u00edtat s plochou pro otev\u00edr\u00e1n\u00ed vrat, kterou si nesm\u00edte zabarik\u00e1dovat. U vrat otev\u00edran\u00fdch dovnit\u0159 to ale nemus\u00edte v\u016fbec \u0159e\u0161it. V\u00fdhodn\u00e9 je to v\u017edy, kdy pot\u0159ebujete parkovat p\u0159ed vraty, nap\u0159\u00edklad p\u0159ijede-li k v\u00e1m n\u00e1v\u0161t\u011bva, kterou nechcete odb\u00fdt parkov\u00e1n\u00edm venku na ulici.Odkl\u00edzen\u00ed sn\u011bhu \u2013 p\u0159edstavte si, \u017ee napadlo deset centimetr\u016f t\u011b\u017ek\u00e9ho sn\u011bhu, kter\u00fd p\u0159es noc p\u0159imrzl k betonov\u00e9 podlaze. S v\u00fdklopn\u00fdmi vraty \u017e\u00e1dn\u00fd probl\u00e9m, tam jen odhr\u00e1bnete pruh sn\u011bhu u vrat, je-li to zapot\u0159eb\u00ed, a vrata se lehce otev\u0159ou, kde\u017eto pro k\u0159\u00eddlov\u00e1 vrata mus\u00edte sn\u00edh komplet odklidit a odsekat led, co\u017e v\u00e1m zabere dobrou p\u016fl hodinu \u010dasu. A kdy\u017e zrovna r\u00e1no sp\u011bch\u00e1te do pr\u00e1ce, bude to znamenat zbyte\u010dn\u00e9 zdr\u017een\u00ed.Vrata dob\u0159e vypadaj\u00ed \u2013 v\u0161echna vrata H\u00f6rmann jsou kr\u00e1snou ozdobou va\u0161eho p\u0159\u00edbytku, snadno se o tom p\u0159esv\u011bd\u010d\u00edte ve firemn\u00edm katalogu.                                                                                                                                                                                                                                                                                                                                                                                          5\/5 - (1 vote)        "},{"@context":"https:\/\/schema.org\/","@type":"BreadcrumbList","itemListElement":[{"@type":"ListItem","position":1,"name":"U\u017e m\u00e1m t\u011bch k\u0159\u00eddlov\u00fdch vrat po krk","item":"https:\/\/www.isso.cz\/uz-mam-tech-kridlovych-vrat-po-krk\/#breadcrumbitem"}]}]